{"id":496,"date":"2021-09-06T20:33:33","date_gmt":"2021-09-06T17:33:33","guid":{"rendered":"https:\/\/eltera.org\/?p=496"},"modified":"2021-09-06T20:33:33","modified_gmt":"2021-09-06T17:33:33","slug":"scoala-afara-raport-eltera-1-2022","status":"publish","type":"post","link":"https:\/\/eltera.org\/?p=496","title":{"rendered":"\u0218coala Afar\u0103 \u2013 Raport Eltera #1\/2022"},"content":{"rendered":"<p><img loading=\"lazy\" decoding=\"async\" class=\"size-medium wp-image-497 aligncenter\" src=\"https:\/\/eltera.org\/wp-content\/uploads\/2022\/08\/IMG_0648-300x300.jpg\" alt=\"\" width=\"300\" height=\"300\" \/><\/p>\n<p>Eu: \u201cANDREI!\u201d \u0218i m\u0103 uit fix la el \u0219i \u00eei z\u00e2mbesc \u0219i \u0219tie c\u00e2t de tare m\u0103 bucur s\u0103 \u00eel v\u0103d.<\/p>\n<p>Andrei: \u201cPrezent!\u201d C\u0103 am tot exersat de c\u00e2teva zile \u0219i \u0219tie ce s\u0103 zic\u0103.<\/p>\n<p>Apoi strig \u201cFLORI!\u201d \u0218i m\u0103 uit la Flori care \u00ee\u0219i a\u0219eaz\u0103 rochi\u021ba de emo\u021bii \u0219i bucurie.<\/p>\n<p>Andrei o ajut\u0103: \u201cFlori, zi \u2018prezent\u2019!\u201d \u0218i Flori strig\u0103: \u201cFlori\u201d, c\u0103 nu \u0219tie exact ce \u00eensemn\u0103 cuv\u00e2ntul cel\u0103lalt.<\/p>\n<p>\u0218 i pe r\u00e2nd \u00eei strig pe to\u021bi: \u201cM\u0102D\u0102LINA! ELENA! DANI! MIRUNA! ANASTASIA! BOGDAN! IONU\u021a! ROMINA! \u2026.\u201d<\/p>\n<p><img loading=\"lazy\" decoding=\"async\" class=\"size-medium wp-image-498 aligncenter\" src=\"https:\/\/eltera.org\/wp-content\/uploads\/2022\/08\/IMG_6023-225x300.jpg\" alt=\"\" width=\"225\" height=\"300\" \/><\/p>\n<p><img loading=\"lazy\" decoding=\"async\" class=\"size-medium wp-image-500 aligncenter\" src=\"https:\/\/eltera.org\/wp-content\/uploads\/2022\/08\/IMG_8720-225x300.jpg\" alt=\"\" width=\"225\" height=\"300\" \/><\/p>\n<p><img loading=\"lazy\" decoding=\"async\" class=\"size-medium wp-image-501 aligncenter\" src=\"https:\/\/eltera.org\/wp-content\/uploads\/2022\/08\/IMG_8728-225x300.jpg\" alt=\"\" width=\"225\" height=\"300\" \/><\/p>\n<p>Asta e prima grup\u0103 din cele trei grupe de copii \u00eenscri\u0219i la \u0219coala afar\u0103. Fiecare grup\u0103 este format\u0103 din zece copii. \u00cei \u0219tim pe nume \u0219i ne d\u0103m seama c\u00e2nd unul lipse\u0219te \u0219i \u00eentreb\u0103m imediat de el.<\/p>\n<p>C\u00e2nd un copil lipse\u0219te, cel mai trist r\u0103spuns este: \u201cE la Bra\u0219ov!\u201d Asta \u00eenseamn\u0103 defapt, c\u0103 e la cer\u0219it \u00een ora\u0219 \u0219i nu se va \u00eentoarce dec\u00e2t mai spre sear\u0103. Va trebui s\u0103 fac\u0103 ceva bani p\u00e2n\u0103 se va putea \u00eentoarce acas\u0103.<\/p>\n<p>\u0218 i \u0219tiu c\u0103 nu a vrut s\u0103 mearg\u0103, pentru c\u0103 la <i>\u0219 coala afar\u0103<\/i> e fain tare \u0219i prime\u0219te \u0219i o gustare. Dar, nu a avut de ales\u2026<\/p>\n<p><img loading=\"lazy\" decoding=\"async\" class=\"size-medium wp-image-502 aligncenter\" src=\"https:\/\/eltera.org\/wp-content\/uploads\/2022\/08\/IMG_8837-300x225.jpg\" alt=\"\" width=\"300\" height=\"225\" \/><\/p>\n<p>Cu inima str\u00e2ns\u0103 c\u0103 unu lipse\u0219te, \u00eencepem activitatea. Ne sp\u0103l\u0103m pe m\u00e2ini cu s\u0103pun. Arunc\u0103m serve\u021belul la gunoi dup\u0103 ce ne \u0219tergem \u0219i apoi ne a\u0219ez\u0103m la mas\u0103. A\u0219tept\u0103m lec\u021bia pentru c\u0103 avem a\u0219a multe de \u00eenv\u0103\u021bat p\u00e2n\u0103 \u00eencepe \u0219coala \u00een toamn\u0103 \u0219i va trebui s\u0103 fim pregati\u021bi.<\/p>\n<p><img loading=\"lazy\" decoding=\"async\" class=\"size-medium wp-image-505 aligncenter\" src=\"https:\/\/eltera.org\/wp-content\/uploads\/2022\/08\/IMG_0604-1-225x300.jpg\" alt=\"\" width=\"225\" height=\"300\" \/><\/p>\n<p><img loading=\"lazy\" decoding=\"async\" class=\"size-medium wp-image-506 aligncenter\" src=\"https:\/\/eltera.org\/wp-content\/uploads\/2022\/08\/IMG_0632-225x300.jpg\" alt=\"\" width=\"225\" height=\"300\" \/><\/p>\n<p>La \u0219coala afar\u0103 \u00eenv\u0103\u021b\u0103m s\u0103 venim la timp, s\u0103 st\u0103m a\u0219eza\u021bi pe scaun, s\u0103 fim aten\u021bi, s\u0103 vorbim pe r\u00e2nd, s\u0103 \u021binem un creion \u00een m\u00e2n\u0103. Tot aici \u00eenv\u0103\u021b\u0103m culorile \u0219i cum s\u0103 desenam o plan\u0219\u0103. \u00cenv\u0103\u021b\u0103m care e dreapta \u0219i care e st\u00e2nga, sau \u2018cealalt\u0103 dreapta\u2019.<\/p>\n<p>\u0218 coala afar\u0103 este un program dedicat copiilor care nu au stat niciodata a\u0219eza\u021bi pe un scaun la o mas\u0103 \u0219i care nu au \u021binut niciodat\u0103 un creion \u00een m\u00e2n\u0103. \u0218coala afar\u0103 este un program menit s\u0103 \u00eei preg\u0103teasc\u0103 pe copii pentru \u0219coala \u00een sala de clas\u0103.<\/p>\n","protected":false},"excerpt":{"rendered":"<p>Eu: \u201cANDREI!\u201d \u0218i m\u0103 uit fix la el \u0219i \u00eei z\u00e2mbesc \u0219i \u0219tie c\u00e2t de tare m\u0103 bucur s\u0103 \u00eel v\u0103d. Andrei: \u201cPrezent!\u201d C\u0103 am tot exersat de c\u00e2teva zile \u0219i \u0219tie ce s\u0103 zic\u0103. Apoi strig \u201cFLORI!\u201d \u0218i m\u0103 uit la Flori care \u00ee\u0219i a\u0219eaz\u0103 rochi\u021ba de emo\u021bii \u0219i bucurie. Andrei o ajut\u0103: \u201cFlori, &hellip; <\/p>\n<p class=\"link-more\"><a href=\"https:\/\/eltera.org\/?p=496\" class=\"more-link\">Continue reading<span class=\"screen-reader-text\"> &#8220;\u0218coala Afar\u0103 \u2013 Raport Eltera #1\/2022&#8221;<\/span><\/a><\/p>\n","protected":false},"author":1,"featured_media":0,"comment_status":"closed","ping_status":"open","sticky":false,"template":"","format":"standard","meta":{"footnotes":""},"categories":[7],"tags":[13],"class_list":["post-496","post","type-post","status-publish","format-standard","hentry","category-romana","tag-1-2022"],"_links":{"self":[{"href":"https:\/\/eltera.org\/index.php?rest_route=\/wp\/v2\/posts\/496","targetHints":{"allow":["GET"]}}],"collection":[{"href":"https:\/\/eltera.org\/index.php?rest_route=\/wp\/v2\/posts"}],"about":[{"href":"https:\/\/eltera.org\/index.php?rest_route=\/wp\/v2\/types\/post"}],"author":[{"embeddable":true,"href":"https:\/\/eltera.org\/index.php?rest_route=\/wp\/v2\/users\/1"}],"replies":[{"embeddable":true,"href":"https:\/\/eltera.org\/index.php?rest_route=%2Fwp%2Fv2%2Fcomments&post=496"}],"version-history":[{"count":0,"href":"https:\/\/eltera.org\/index.php?rest_route=\/wp\/v2\/posts\/496\/revisions"}],"wp:attachment":[{"href":"https:\/\/eltera.org\/index.php?rest_route=%2Fwp%2Fv2%2Fmedia&parent=496"}],"wp:term":[{"taxonomy":"category","embeddable":true,"href":"https:\/\/eltera.org\/index.php?rest_route=%2Fwp%2Fv2%2Fcategories&post=496"},{"taxonomy":"post_tag","embeddable":true,"href":"https:\/\/eltera.org\/index.php?rest_route=%2Fwp%2Fv2%2Ftags&post=496"}],"curies":[{"name":"wp","href":"https:\/\/api.w.org\/{rel}","templated":true}]}}