{"id":464,"date":"2020-09-15T22:21:59","date_gmt":"2020-09-15T19:21:59","guid":{"rendered":"https:\/\/eltera.org\/?p=464"},"modified":"2020-09-15T22:21:59","modified_gmt":"2020-09-15T19:21:59","slug":"ernte-im-garten-eltera-bericht-nr-1-2021","status":"publish","type":"post","link":"https:\/\/eltera.org\/?p=464","title":{"rendered":"Ernte im Garten \u2013 Eltera-Bericht Nr. 1\/2021"},"content":{"rendered":"<p><img loading=\"lazy\" decoding=\"async\" class=\"size-medium wp-image-456 aligncenter\" src=\"https:\/\/eltera.org\/wp-content\/uploads\/2022\/08\/IMG_0546-225x300.jpg\" alt=\"\" width=\"225\" height=\"300\" \/><\/p>\n<p>Im Herbst haben wir die <strong>Ernte im Garten<\/strong> genossen. Gro\u00dfmutter Mihaela \u00f6ffnete ihre T\u00fcren f\u00fcr alle Kinder aus der Nachbarschaft. Wir kochten drau\u00dfen im Hof auf dem Holzofen Kartoffeln und &#8220;gro\u00dfe Gurken&#8221;, die auch als Zucchini bekannt sind. Die Kinder betraten den Hof und stellten sich in einer Reihe auf, als Oma Mihaela ihnen einen Teller in die Hand dr\u00fcckte. &#8220;Hier, nehmt euch etwas zu essen.&#8221; Ihre Augen leuchteten vor Freude, und mit einem L\u00e4cheln gingen sie vorsichtig, damit sie ihr Essen nicht fallen lie\u00dfen, und setzten sich auf den Boden und fanden einen Platz neben den anderen Kindern. So haben die Kinder in Afrika immer gesessen.<\/p>\n<p><img loading=\"lazy\" decoding=\"async\" class=\"size-medium wp-image-457 aligncenter\" src=\"https:\/\/eltera.org\/wp-content\/uploads\/2022\/08\/IMG_0547-225x300.jpg\" alt=\"\" width=\"225\" height=\"300\" \/><\/p>\n<p><img loading=\"lazy\" decoding=\"async\" class=\"size-medium wp-image-455 aligncenter\" src=\"https:\/\/eltera.org\/wp-content\/uploads\/2022\/08\/IMG_0534-225x300.jpg\" alt=\"\" width=\"225\" height=\"300\" \/><\/p>\n<p>Gro\u00dfmutter Mihaela kannte sie alle beim Namen. &#8220;Komm, setz dich zu uns! Ich glaube, dieses Kind hat seit gestern nichts mehr gegessen&#8221;, versicherte sie mir, dass die hungrigsten Kinder des Dorfes bei uns waren.<\/p>\n<p><img loading=\"lazy\" decoding=\"async\" class=\"size-medium wp-image-459 aligncenter\" src=\"https:\/\/eltera.org\/wp-content\/uploads\/2022\/08\/IMG_0604-195x300.jpg\" alt=\"\" width=\"195\" height=\"300\" \/><\/p>\n<p><img loading=\"lazy\" decoding=\"async\" class=\"size-medium wp-image-458 aligncenter\" src=\"https:\/\/eltera.org\/wp-content\/uploads\/2022\/08\/IMG_0591-225x300.jpg\" alt=\"\" width=\"225\" height=\"300\" \/><\/p>\n<p><img loading=\"lazy\" decoding=\"async\" class=\"size-medium wp-image-460 aligncenter\" src=\"https:\/\/eltera.org\/wp-content\/uploads\/2022\/08\/IMG_0611-192x300.jpg\" alt=\"\" width=\"192\" height=\"300\" \/><\/p>\n","protected":false},"excerpt":{"rendered":"<p>Im Herbst haben wir die Ernte im Garten genossen. Gro\u00dfmutter Mihaela \u00f6ffnete ihre T\u00fcren f\u00fcr alle Kinder aus der Nachbarschaft. Wir kochten drau\u00dfen im Hof auf dem Holzofen Kartoffeln und &#8220;gro\u00dfe Gurken&#8221;, die auch als Zucchini bekannt sind. Die Kinder betraten den Hof und stellten sich in einer Reihe auf, als Oma Mihaela ihnen einen &hellip; <\/p>\n<p class=\"link-more\"><a href=\"https:\/\/eltera.org\/?p=464\" class=\"more-link\">Continue reading<span class=\"screen-reader-text\"> &#8220;Ernte im Garten \u2013 Eltera-Bericht Nr. 1\/2021&#8221;<\/span><\/a><\/p>\n","protected":false},"author":1,"featured_media":0,"comment_status":"closed","ping_status":"open","sticky":false,"template":"","format":"standard","meta":{"footnotes":""},"categories":[3],"tags":[12],"class_list":["post-464","post","type-post","status-publish","format-standard","hentry","category-deutsch","tag-1-2021"],"_links":{"self":[{"href":"https:\/\/eltera.org\/index.php?rest_route=\/wp\/v2\/posts\/464","targetHints":{"allow":["GET"]}}],"collection":[{"href":"https:\/\/eltera.org\/index.php?rest_route=\/wp\/v2\/posts"}],"about":[{"href":"https:\/\/eltera.org\/index.php?rest_route=\/wp\/v2\/types\/post"}],"author":[{"embeddable":true,"href":"https:\/\/eltera.org\/index.php?rest_route=\/wp\/v2\/users\/1"}],"replies":[{"embeddable":true,"href":"https:\/\/eltera.org\/index.php?rest_route=%2Fwp%2Fv2%2Fcomments&post=464"}],"version-history":[{"count":0,"href":"https:\/\/eltera.org\/index.php?rest_route=\/wp\/v2\/posts\/464\/revisions"}],"wp:attachment":[{"href":"https:\/\/eltera.org\/index.php?rest_route=%2Fwp%2Fv2%2Fmedia&parent=464"}],"wp:term":[{"taxonomy":"category","embeddable":true,"href":"https:\/\/eltera.org\/index.php?rest_route=%2Fwp%2Fv2%2Fcategories&post=464"},{"taxonomy":"post_tag","embeddable":true,"href":"https:\/\/eltera.org\/index.php?rest_route=%2Fwp%2Fv2%2Ftags&post=464"}],"curies":[{"name":"wp","href":"https:\/\/api.w.org\/{rel}","templated":true}]}}