{"id":454,"date":"2020-09-15T22:12:50","date_gmt":"2020-09-15T19:12:50","guid":{"rendered":"https:\/\/eltera.org\/?p=454"},"modified":"2020-09-15T22:12:50","modified_gmt":"2020-09-15T19:12:50","slug":"recolta-din-gradina-raport-eltera-1-2021","status":"publish","type":"post","link":"https:\/\/eltera.org\/?p=454","title":{"rendered":"Recolta din gradin\u0103 \u2013 Raport Eltera #1\/2021"},"content":{"rendered":"<p><img loading=\"lazy\" decoding=\"async\" class=\"size-medium wp-image-456 aligncenter\" src=\"https:\/\/eltera.org\/wp-content\/uploads\/2022\/08\/IMG_0546-225x300.jpg\" alt=\"\" width=\"225\" height=\"300\" \/><\/p>\n<p>\u00cen toamn\u0103 ne-am bucurat de <strong>recolta din gradin\u0103<\/strong>. Bunica Mihaela \u0219i-a deschis por\u021bile pentru toti copiii din vecinatate. Am preg\u0103tit afar\u0103 \u00een curte la soba cu lemne, cartofi \u0219i \u201ccastravete mare\u201d, care mai este \u00eent\u00e2lnit \u0219i sub denumirea de dovleac. Copiii au intrat pe r\u00e2nd pe poart\u0103. Se asezau la r\u00e2nd, iar bunica Mihaela le punea \u00een m\u00e2n\u0103 cate o farfurie. \u201cIa s\u0103 m\u0103n\u00e2nci \u0219i tu ceva\u201d. Ochii le str\u0103luceau de bucurie \u0219i multumindu-ne cu un zambet mergeau cu grij\u0103 s\u0103 nu le cad\u0103 m\u00e2ncarea \u0219i se a\u0219ezau pe jos \u0219i \u00ee\u0219i g\u0103seau un loc l\u00e2ng\u0103 ceilal\u021bi copii. A\u0219a se a\u0219ezau \u0219i copiii din Africa.<\/p>\n<p><img loading=\"lazy\" decoding=\"async\" class=\"size-medium wp-image-457 aligncenter\" src=\"https:\/\/eltera.org\/wp-content\/uploads\/2022\/08\/IMG_0547-225x300.jpg\" alt=\"\" width=\"225\" height=\"300\" \/><\/p>\n<p><img loading=\"lazy\" decoding=\"async\" class=\"size-medium wp-image-455 aligncenter\" src=\"https:\/\/eltera.org\/wp-content\/uploads\/2022\/08\/IMG_0534-225x300.jpg\" alt=\"\" width=\"225\" height=\"300\" \/><\/p>\n<p>Bunica Mihaela \u00eei \u0219tia pe to\u021bi pe nume. \u201cHai \u0219i tu! Cred c\u0103 de ieri nu a mai m\u00e2ncat copilul \u0103sta\u201d, m\u0103 asigura ea c\u0103 cei mai fl\u0103m\u00e2nzi copii din sat sunt prezen\u021bi.<\/p>\n<p><img loading=\"lazy\" decoding=\"async\" class=\"size-medium wp-image-459 aligncenter\" src=\"https:\/\/eltera.org\/wp-content\/uploads\/2022\/08\/IMG_0604-195x300.jpg\" alt=\"\" width=\"195\" height=\"300\" \/><\/p>\n<p><img loading=\"lazy\" decoding=\"async\" class=\"size-medium wp-image-458 aligncenter\" src=\"https:\/\/eltera.org\/wp-content\/uploads\/2022\/08\/IMG_0591-225x300.jpg\" alt=\"\" width=\"225\" height=\"300\" \/><\/p>\n<p><img loading=\"lazy\" decoding=\"async\" class=\"size-medium wp-image-460 aligncenter\" src=\"https:\/\/eltera.org\/wp-content\/uploads\/2022\/08\/IMG_0611-192x300.jpg\" alt=\"\" width=\"192\" height=\"300\" \/><\/p>\n","protected":false},"excerpt":{"rendered":"<p>\u00cen toamn\u0103 ne-am bucurat de recolta din gradin\u0103. Bunica Mihaela \u0219i-a deschis por\u021bile pentru toti copiii din vecinatate. Am preg\u0103tit afar\u0103 \u00een curte la soba cu lemne, cartofi \u0219i \u201ccastravete mare\u201d, care mai este \u00eent\u00e2lnit \u0219i sub denumirea de dovleac. Copiii au intrat pe r\u00e2nd pe poart\u0103. Se asezau la r\u00e2nd, iar bunica Mihaela le &hellip; <\/p>\n<p class=\"link-more\"><a href=\"https:\/\/eltera.org\/?p=454\" class=\"more-link\">Continue reading<span class=\"screen-reader-text\"> &#8220;Recolta din gradin\u0103 \u2013 Raport Eltera #1\/2021&#8221;<\/span><\/a><\/p>\n","protected":false},"author":1,"featured_media":0,"comment_status":"closed","ping_status":"open","sticky":false,"template":"","format":"standard","meta":{"footnotes":""},"categories":[7],"tags":[12],"class_list":["post-454","post","type-post","status-publish","format-standard","hentry","category-romana","tag-1-2021"],"_links":{"self":[{"href":"https:\/\/eltera.org\/index.php?rest_route=\/wp\/v2\/posts\/454","targetHints":{"allow":["GET"]}}],"collection":[{"href":"https:\/\/eltera.org\/index.php?rest_route=\/wp\/v2\/posts"}],"about":[{"href":"https:\/\/eltera.org\/index.php?rest_route=\/wp\/v2\/types\/post"}],"author":[{"embeddable":true,"href":"https:\/\/eltera.org\/index.php?rest_route=\/wp\/v2\/users\/1"}],"replies":[{"embeddable":true,"href":"https:\/\/eltera.org\/index.php?rest_route=%2Fwp%2Fv2%2Fcomments&post=454"}],"version-history":[{"count":0,"href":"https:\/\/eltera.org\/index.php?rest_route=\/wp\/v2\/posts\/454\/revisions"}],"wp:attachment":[{"href":"https:\/\/eltera.org\/index.php?rest_route=%2Fwp%2Fv2%2Fmedia&parent=454"}],"wp:term":[{"taxonomy":"category","embeddable":true,"href":"https:\/\/eltera.org\/index.php?rest_route=%2Fwp%2Fv2%2Fcategories&post=454"},{"taxonomy":"post_tag","embeddable":true,"href":"https:\/\/eltera.org\/index.php?rest_route=%2Fwp%2Fv2%2Ftags&post=454"}],"curies":[{"name":"wp","href":"https:\/\/api.w.org\/{rel}","templated":true}]}}