{"id":350,"date":"2020-06-01T21:40:00","date_gmt":"2020-06-01T18:40:00","guid":{"rendered":"https:\/\/eltera.org\/?p=350"},"modified":"2020-06-01T21:40:00","modified_gmt":"2020-06-01T18:40:00","slug":"proiect-de-agricultura-raport-eltera-1-2020","status":"publish","type":"post","link":"https:\/\/eltera.org\/?p=350","title":{"rendered":"Proiect de agricultur\u0103 \u2013 Raport Eltera #1\/2020"},"content":{"rendered":"<p>\u00cen luna martie, pentru familiile aflate \u00een situa\u021bii de risc ridicat am ini\u021biat un <b>proiect de agricultur\u0103<\/b> \u0219i am \u00eenceput s\u0103 plant\u0103m. Am plantat o gradin\u0103 de legume, un c\u00e2mp de cartofi \u0219i am instalat o ser\u0103.<\/p>\n<p><img loading=\"lazy\" decoding=\"async\" class=\"size-medium wp-image-331 alignnone\" src=\"https:\/\/eltera.org\/wp-content\/uploads\/2020\/07\/599df7e9-610e-4845-85a4-5ad5d3ad53f3-225x300.jpg\" alt=\"\" width=\"225\" height=\"300\" \/>\u00a0 \u00a0 \u00a0 \u00a0<img loading=\"lazy\" decoding=\"async\" class=\"size-medium wp-image-341 alignnone\" style=\"font-size: 1rem\" src=\"https:\/\/eltera.org\/wp-content\/uploads\/2020\/07\/IMG_7820-300x225.jpg\" alt=\"\" width=\"300\" height=\"225\" \/><\/p>\n<p><img loading=\"lazy\" decoding=\"async\" class=\"size-medium wp-image-339 alignnone\" style=\"font-size: 1rem\" src=\"https:\/\/eltera.org\/wp-content\/uploads\/2020\/07\/IMG_7326-300x225.jpg\" alt=\"\" width=\"300\" height=\"225\" \/>\u00a0 \u00a0 \u00a0 \u00a0<img loading=\"lazy\" decoding=\"async\" class=\"size-medium wp-image-334 alignnone\" style=\"font-size: 1rem\" src=\"https:\/\/eltera.org\/wp-content\/uploads\/2020\/07\/IMG_5339-225x300.jpg\" alt=\"\" width=\"225\" height=\"300\" \/><\/p>\n<p>Persoanele implicate \u00een proiect au s\u0103pat straturi, au plantat, iar acum ud\u0103 \u0219i cur\u0103\u021b\u0103 gr\u0103dina. Activitatea se desfa\u0219oar\u0103 uneori zilnic, alteori de trei ori pe s\u0103pt\u0103m\u00e2n\u0103. \u00cen zilele de mar\u021bi, fiecare persoan\u0103 prime\u0219te c\u00e2te o plas\u0103 cu alimente \u0219i produse de cur\u0103\u021benie. \u00cen zilele de vineri, st\u0103m pe iarb\u0103, m\u00e2nc\u0103m \u00eempreun\u0103 \u0219i povestim cum a fost s\u0103ptam\u00e2na \u0219i ce ar mai trebui s\u0103 facem.<span class=\"Apple-converted-space\">\u00a0<\/span><\/p>\n<p>Am s\u0103rbatorit \u00eempreun\u0103 zilele lor de na\u0219tere, iar pentru fiecare dintre cei s\u0103rb\u0103tori\u021bi p\u00e2n\u0103 acum, a fost primul tort, primele lum\u00e2n\u0103ri, prima \u0219ans\u0103 de a-\u0219i pune o dorin\u021b\u0103. Da, \u0219i oamenii s\u0103raci au dorin\u021be.<\/p>\n<p><img loading=\"lazy\" decoding=\"async\" class=\"size-medium wp-image-340 alignnone\" style=\"font-size: 1rem\" src=\"https:\/\/eltera.org\/wp-content\/uploads\/2020\/07\/IMG_7796-300x225.jpg\" alt=\"\" width=\"300\" height=\"225\" \/>\u00a0 \u00a0 \u00a0 \u00a0<img loading=\"lazy\" decoding=\"async\" class=\"size-medium wp-image-342 alignnone\" style=\"font-size: 1rem\" src=\"https:\/\/eltera.org\/wp-content\/uploads\/2020\/07\/IMG_7917-300x225.jpg\" alt=\"\" width=\"300\" height=\"225\" \/>\u00a0 \u00a0 \u00a0 \u00a0<img loading=\"lazy\" decoding=\"async\" class=\"size-medium wp-image-343 alignnone\" style=\"font-size: 1rem\" src=\"https:\/\/eltera.org\/wp-content\/uploads\/2020\/07\/IMG_7918-225x300.jpg\" alt=\"\" width=\"225\" height=\"300\" \/><\/p>\n<p><img loading=\"lazy\" decoding=\"async\" class=\"size-medium wp-image-344 alignnone\" style=\"font-size: 1rem\" src=\"https:\/\/eltera.org\/wp-content\/uploads\/2020\/07\/IMG_7990-300x225.jpg\" alt=\"\" width=\"300\" height=\"225\" \/><span style=\"font-size: 1rem\">\u00a0 \u00a0 \u00a0 \u00a0<\/span><img loading=\"lazy\" decoding=\"async\" class=\"size-medium wp-image-345 alignnone\" style=\"font-size: 1rem\" src=\"https:\/\/eltera.org\/wp-content\/uploads\/2020\/07\/IMG_7999-300x225.jpg\" alt=\"\" width=\"300\" height=\"225\" \/><\/p>\n<p>\u00cen echipa noastr\u0103 sunt \u0219i dou\u0103 doamne \u00een v\u00e2rst\u0103. Dou\u0103 bunici care \u00ee\u0219i cresc singure nepo\u021bii. \u00cen comunitatea lor, bunicile sunt mame pentru to\u021bi. Ele au tr\u0103it \u00een alte vremuri \u0219i cumva \u0219i-au \u00eensu\u0219it un sim\u021b al responsabilit\u0103\u021bii, care le lipse\u0219te cu des\u0103v\u00e2r\u0219ire copiilor lor. A\u0219a c\u0103, ele duc pe umeri \u00eentreaga familie.<span class=\"Apple-converted-space\">\u00a0<\/span><\/p>\n<p><img loading=\"lazy\" decoding=\"async\" class=\"size-medium wp-image-338 alignnone\" style=\"font-size: 1rem\" src=\"https:\/\/eltera.org\/wp-content\/uploads\/2020\/07\/IMG_7155-225x300.jpg\" alt=\"\" width=\"225\" height=\"300\" \/>\u00a0 \u00a0 \u00a0 \u00a0<img loading=\"lazy\" decoding=\"async\" class=\"size-medium wp-image-336 alignnone\" style=\"font-size: 1rem\" src=\"https:\/\/eltera.org\/wp-content\/uploads\/2020\/07\/IMG_6725-300x225.jpg\" alt=\"\" width=\"300\" height=\"225\" \/><\/p>\n<p><img loading=\"lazy\" decoding=\"async\" class=\"size-medium wp-image-335 alignnone\" style=\"font-size: 1rem\" src=\"https:\/\/eltera.org\/wp-content\/uploads\/2020\/07\/IMG_5726-297x300.jpg\" alt=\"\" width=\"297\" height=\"300\" \/>\u00a0 \u00a0 \u00a0 \u00a0<img loading=\"lazy\" decoding=\"async\" class=\"size-medium wp-image-333 alignnone\" style=\"font-size: 1rem\" src=\"https:\/\/eltera.org\/wp-content\/uploads\/2020\/07\/IMG_5167-300x225.jpg\" alt=\"\" width=\"300\" height=\"225\" \/><\/p>\n<p><strong>Caty Roos<\/strong><\/p>\n","protected":false},"excerpt":{"rendered":"<p>\u00cen luna martie, pentru familiile aflate \u00een situa\u021bii de risc ridicat am ini\u021biat un proiect de agricultur\u0103 \u0219i am \u00eenceput s\u0103 plant\u0103m. Am plantat o gradin\u0103 de legume, un c\u00e2mp de cartofi \u0219i am instalat o ser\u0103. \u00a0 \u00a0 \u00a0 \u00a0 \u00a0 \u00a0 \u00a0 \u00a0 Persoanele implicate \u00een proiect au s\u0103pat straturi, au plantat, iar &hellip; <\/p>\n<p class=\"link-more\"><a href=\"https:\/\/eltera.org\/?p=350\" class=\"more-link\">Continue reading<span class=\"screen-reader-text\"> &#8220;Proiect de agricultur\u0103 \u2013 Raport Eltera #1\/2020&#8221;<\/span><\/a><\/p>\n","protected":false},"author":1,"featured_media":0,"comment_status":"closed","ping_status":"open","sticky":false,"template":"","format":"standard","meta":{"footnotes":""},"categories":[7],"tags":[11],"class_list":["post-350","post","type-post","status-publish","format-standard","hentry","category-romana","tag-1-2020"],"_links":{"self":[{"href":"https:\/\/eltera.org\/index.php?rest_route=\/wp\/v2\/posts\/350","targetHints":{"allow":["GET"]}}],"collection":[{"href":"https:\/\/eltera.org\/index.php?rest_route=\/wp\/v2\/posts"}],"about":[{"href":"https:\/\/eltera.org\/index.php?rest_route=\/wp\/v2\/types\/post"}],"author":[{"embeddable":true,"href":"https:\/\/eltera.org\/index.php?rest_route=\/wp\/v2\/users\/1"}],"replies":[{"embeddable":true,"href":"https:\/\/eltera.org\/index.php?rest_route=%2Fwp%2Fv2%2Fcomments&post=350"}],"version-history":[{"count":0,"href":"https:\/\/eltera.org\/index.php?rest_route=\/wp\/v2\/posts\/350\/revisions"}],"wp:attachment":[{"href":"https:\/\/eltera.org\/index.php?rest_route=%2Fwp%2Fv2%2Fmedia&parent=350"}],"wp:term":[{"taxonomy":"category","embeddable":true,"href":"https:\/\/eltera.org\/index.php?rest_route=%2Fwp%2Fv2%2Fcategories&post=350"},{"taxonomy":"post_tag","embeddable":true,"href":"https:\/\/eltera.org\/index.php?rest_route=%2Fwp%2Fv2%2Ftags&post=350"}],"curies":[{"name":"wp","href":"https:\/\/api.w.org\/{rel}","templated":true}]}}