{"id":329,"date":"2020-06-01T23:10:47","date_gmt":"2020-06-01T20:10:47","guid":{"rendered":"https:\/\/eltera.org\/?p=329"},"modified":"2020-06-01T23:10:47","modified_gmt":"2020-06-01T20:10:47","slug":"landwirtschaftsprogramm-eltera-bericht-nr-1-2020","status":"publish","type":"post","link":"https:\/\/eltera.org\/?p=329","title":{"rendered":"Landwirtschaftsprogramm \u2013 Eltera-Bericht Nr. 1\/2020"},"content":{"rendered":"<p>F\u00fcr diese Familien, die in Gefahr sind, schufen wir ein\u00a0<b>Landwirtschaftsprogramm<\/b> und begannen mit dem Pflanzenanbau. Wir pflanzten einen Gem\u00fcsegarten, ein Kartoffelfeld und bauten ein Gew\u00e4chshaus.<span class=\"Apple-converted-space\">\u00a0<\/span><\/p>\n<p><img loading=\"lazy\" decoding=\"async\" class=\"size-medium wp-image-331 alignnone\" src=\"https:\/\/eltera.org\/wp-content\/uploads\/2020\/07\/599df7e9-610e-4845-85a4-5ad5d3ad53f3-225x300.jpg\" alt=\"\" width=\"225\" height=\"300\" \/>\u00a0 \u00a0 \u00a0 \u00a0<img loading=\"lazy\" decoding=\"async\" class=\"size-medium wp-image-341 alignnone\" style=\"font-size: 1rem\" src=\"https:\/\/eltera.org\/wp-content\/uploads\/2020\/07\/IMG_7820-300x225.jpg\" alt=\"\" width=\"300\" height=\"225\" \/><\/p>\n<p><img loading=\"lazy\" decoding=\"async\" class=\"size-medium wp-image-339 alignnone\" style=\"font-size: 1rem\" src=\"https:\/\/eltera.org\/wp-content\/uploads\/2020\/07\/IMG_7326-300x225.jpg\" alt=\"\" width=\"300\" height=\"225\" \/>\u00a0 \u00a0 \u00a0 \u00a0<img loading=\"lazy\" decoding=\"async\" class=\"size-medium wp-image-334 alignnone\" style=\"font-size: 1rem\" src=\"https:\/\/eltera.org\/wp-content\/uploads\/2020\/07\/IMG_5339-225x300.jpg\" alt=\"\" width=\"225\" height=\"300\" \/><\/p>\n<p>Die Leute, die an dem Projekt beteiligt sind, haben alles gegraben und gepflanzt und bew\u00e4ssern nun den Garten und halten ihn frei von Unkraut. Sie gehen jeden Tag in den Garten. Jeden Dienstag erhalten sie einen Beutel mit Lebensmitteln, Waschmittel und Seife. Freitags sitzen wir auf dem Rasen und sprechen \u00fcber die Woche und machen Pl\u00e4ne f\u00fcr die kommende Woche. Eines der besondersten Dinge, die wir mit unserem Team gemacht haben, ist, dass wir Geburtstage gefeiert haben. Und f\u00fcr jede Person, die wir gemeinsam gefeiert haben, war es der erste Kuchen, die ersten Kerzen, die erste Gelegenheit, sich etwas zu w\u00fcnschen. Ja, auch arme Menschen haben W\u00fcnsche.<span class=\"Apple-converted-space\">\u00a0<\/span><\/p>\n<p><img loading=\"lazy\" decoding=\"async\" class=\"size-medium wp-image-340 alignnone\" style=\"font-size: 1rem\" src=\"https:\/\/eltera.org\/wp-content\/uploads\/2020\/07\/IMG_7796-300x225.jpg\" alt=\"\" width=\"300\" height=\"225\" \/>\u00a0 \u00a0 \u00a0 \u00a0<img loading=\"lazy\" decoding=\"async\" class=\"size-medium wp-image-342 alignnone\" style=\"font-size: 1rem\" src=\"https:\/\/eltera.org\/wp-content\/uploads\/2020\/07\/IMG_7917-300x225.jpg\" alt=\"\" width=\"300\" height=\"225\" \/>\u00a0 \u00a0 \u00a0 \u00a0<img loading=\"lazy\" decoding=\"async\" class=\"size-medium wp-image-343 alignnone\" style=\"font-size: 1rem\" src=\"https:\/\/eltera.org\/wp-content\/uploads\/2020\/07\/IMG_7918-225x300.jpg\" alt=\"\" width=\"225\" height=\"300\" \/><\/p>\n<p><img loading=\"lazy\" decoding=\"async\" class=\"size-medium wp-image-344 alignnone\" style=\"font-size: 1rem\" src=\"https:\/\/eltera.org\/wp-content\/uploads\/2020\/07\/IMG_7990-300x225.jpg\" alt=\"\" width=\"300\" height=\"225\" \/><span style=\"font-size: 1rem\">\u00a0 \u00a0 \u00a0 \u00a0<\/span><img loading=\"lazy\" decoding=\"async\" class=\"size-medium wp-image-345 alignnone\" style=\"font-size: 1rem\" src=\"https:\/\/eltera.org\/wp-content\/uploads\/2020\/07\/IMG_7999-300x225.jpg\" alt=\"\" width=\"300\" height=\"225\" \/><\/p>\n<p>Es gibt zwei \u00e4ltere Damen in unserem Team. Sie ziehen ihre Enkelkinder allein auf. In ihrer Gemeinschaft sind die Gro\u00dfm\u00fctter M\u00fctter f\u00fcr alle. Sie haben unter anderen Umst\u00e4nden gelebt und ein Verantwortungsgef\u00fchl entwickelt, ein Gef\u00fchl, das ihren Kindern zu fehlen scheint. So haben sie die Sorge f\u00fcr die ganze Familie auf sich genommen.<span class=\"Apple-converted-space\">\u00a0<\/span><\/p>\n<p><img loading=\"lazy\" decoding=\"async\" class=\"size-medium wp-image-338 alignnone\" style=\"font-size: 1rem\" src=\"https:\/\/eltera.org\/wp-content\/uploads\/2020\/07\/IMG_7155-225x300.jpg\" alt=\"\" width=\"225\" height=\"300\" \/>\u00a0 \u00a0 \u00a0 \u00a0<img loading=\"lazy\" decoding=\"async\" class=\"size-medium wp-image-336 alignnone\" style=\"font-size: 1rem\" src=\"https:\/\/eltera.org\/wp-content\/uploads\/2020\/07\/IMG_6725-300x225.jpg\" alt=\"\" width=\"300\" height=\"225\" \/><\/p>\n<p><img loading=\"lazy\" decoding=\"async\" class=\"size-medium wp-image-335 alignnone\" style=\"font-size: 1rem\" src=\"https:\/\/eltera.org\/wp-content\/uploads\/2020\/07\/IMG_5726-297x300.jpg\" alt=\"\" width=\"297\" height=\"300\" \/>\u00a0 \u00a0 \u00a0 \u00a0<img loading=\"lazy\" decoding=\"async\" class=\"size-medium wp-image-333 alignnone\" style=\"font-size: 1rem\" src=\"https:\/\/eltera.org\/wp-content\/uploads\/2020\/07\/IMG_5167-300x225.jpg\" alt=\"\" width=\"300\" height=\"225\" \/><\/p>\n<p><strong>Caty Roos<\/strong><\/p>\n","protected":false},"excerpt":{"rendered":"<p>F\u00fcr diese Familien, die in Gefahr sind, schufen wir ein\u00a0Landwirtschaftsprogramm und begannen mit dem Pflanzenanbau. Wir pflanzten einen Gem\u00fcsegarten, ein Kartoffelfeld und bauten ein Gew\u00e4chshaus.\u00a0 \u00a0 \u00a0 \u00a0 \u00a0 \u00a0 \u00a0 \u00a0 \u00a0 Die Leute, die an dem Projekt beteiligt sind, haben alles gegraben und gepflanzt und bew\u00e4ssern nun den Garten und halten ihn frei &hellip; <\/p>\n<p class=\"link-more\"><a href=\"https:\/\/eltera.org\/?p=329\" class=\"more-link\">Continue reading<span class=\"screen-reader-text\"> &#8220;Landwirtschaftsprogramm \u2013 Eltera-Bericht Nr. 1\/2020&#8221;<\/span><\/a><\/p>\n","protected":false},"author":1,"featured_media":0,"comment_status":"closed","ping_status":"open","sticky":false,"template":"","format":"standard","meta":{"footnotes":""},"categories":[3],"tags":[11],"class_list":["post-329","post","type-post","status-publish","format-standard","hentry","category-deutsch","tag-1-2020"],"_links":{"self":[{"href":"https:\/\/eltera.org\/index.php?rest_route=\/wp\/v2\/posts\/329","targetHints":{"allow":["GET"]}}],"collection":[{"href":"https:\/\/eltera.org\/index.php?rest_route=\/wp\/v2\/posts"}],"about":[{"href":"https:\/\/eltera.org\/index.php?rest_route=\/wp\/v2\/types\/post"}],"author":[{"embeddable":true,"href":"https:\/\/eltera.org\/index.php?rest_route=\/wp\/v2\/users\/1"}],"replies":[{"embeddable":true,"href":"https:\/\/eltera.org\/index.php?rest_route=%2Fwp%2Fv2%2Fcomments&post=329"}],"version-history":[{"count":0,"href":"https:\/\/eltera.org\/index.php?rest_route=\/wp\/v2\/posts\/329\/revisions"}],"wp:attachment":[{"href":"https:\/\/eltera.org\/index.php?rest_route=%2Fwp%2Fv2%2Fmedia&parent=329"}],"wp:term":[{"taxonomy":"category","embeddable":true,"href":"https:\/\/eltera.org\/index.php?rest_route=%2Fwp%2Fv2%2Fcategories&post=329"},{"taxonomy":"post_tag","embeddable":true,"href":"https:\/\/eltera.org\/index.php?rest_route=%2Fwp%2Fv2%2Ftags&post=329"}],"curies":[{"name":"wp","href":"https:\/\/api.w.org\/{rel}","templated":true}]}}