{"id":220,"date":"2019-04-04T15:38:36","date_gmt":"2019-04-04T12:38:36","guid":{"rendered":"https:\/\/eltera.org\/?p=220"},"modified":"2019-04-04T15:38:36","modified_gmt":"2019-04-04T12:38:36","slug":"elteramed-raport-eltera-1-2019","status":"publish","type":"post","link":"https:\/\/eltera.org\/?p=220","title":{"rendered":"ElteraMed \u2013 Raport Eltera #1\/2019"},"content":{"rendered":"<p>In perioada rece am organizat o<strong> campanie medicala<\/strong> pentru doua sate din jude\u021bul Bra\u0219ov: M\u0103ieru\u0219 \u0219i Arini. Au fost consulta\u021bi 52 de copii cu v\u00e2rste cuprinse intre 8 luni \u0219i 15 ani.<\/p>\n<p><img loading=\"lazy\" decoding=\"async\" class=\"size-medium wp-image-221 aligncenter\" src=\"https:\/\/eltera.org\/wp-content\/uploads\/2019\/11\/IMG_2007-300x200.jpg\" alt=\"\" width=\"300\" height=\"200\" \/><\/p>\n<p>Medicii no\u0219tri i-au consultat pe copii \u0219i le-au oferit gratuit tratamentul corespunz\u0103tor. In aceasta perioada foarte multi copii sunt r\u0103ci\u021bi. Mul\u021bi dintre ei au \u0219i alte probleme de s\u0103n\u0103tate.<span class=\"Apple-converted-space\">\u00a0<\/span><\/p>\n<p>In timpul de a\u0219teptare copiii au colorat, ei \u0219i \u00eenso\u021bitorii lor au fost servi\u021bi cu ceai \u0219i pr\u0103jiturele, iar la finalul consulta\u021biei au primit cate o juc\u0103rie, c\u0103ciuli\u021be \u0219i \u0219osete.<\/p>\n<p><img loading=\"lazy\" decoding=\"async\" class=\"size-medium wp-image-222 aligncenter\" src=\"https:\/\/eltera.org\/wp-content\/uploads\/2019\/11\/IMG_1994-200x300.jpg\" alt=\"\" width=\"200\" height=\"300\" \/><\/p>\n<p>Ca urmare a campaniei noastre, \u0219i al\u021bi medici din Bra\u0219ov doresc sa ni se al\u0103ture \u00een mod voluntar \u0219i ne dorim sa ajungem \u00een zone unde nu sunt cabinete medicale sau unde familiile nu \u00ee\u0219i permit tratamentul medical.<\/p>\n<p><img loading=\"lazy\" decoding=\"async\" class=\"size-medium wp-image-223 aligncenter\" src=\"https:\/\/eltera.org\/wp-content\/uploads\/2019\/11\/IMG_2027-200x300.jpg\" alt=\"\" width=\"200\" height=\"300\" \/><\/p>\n<p>Voluntarii no\u0219tri sunt deosebi\u021bi. Le z\u00e2mbesc copiilor, ii asculta \u0219i le ofer\u0103 toat\u0103 aten\u021bia.<\/p>\n<p><img loading=\"lazy\" decoding=\"async\" class=\"size-medium wp-image-224 aligncenter\" src=\"https:\/\/eltera.org\/wp-content\/uploads\/2019\/11\/IMG_2034-300x200.jpg\" alt=\"\" width=\"300\" height=\"200\" \/><\/p>\n<p>Luca, unul dintre copii consulta\u021bi, \u00ee\u0219i dore\u0219te sa mearg\u0103 la scoal\u0103. Are nevoie de o opera\u021bie la ochi \u0219i deja avem un medic care s-a oferit sa il opereze \u00een viitorul apropiat. Multi dintre ace\u0219ti copii tr\u0103iesc \u00eentr-o s\u0103r\u0103cie crunta. Cei mai multi dintre ei nu merg la scoal\u0103. Iar cei mici, nici m\u0103car nu sunt \u00eenscri\u0219i la gr\u0103dini\u021b\u0103.<\/p>\n<p><img loading=\"lazy\" decoding=\"async\" class=\"size-medium wp-image-225 aligncenter\" src=\"https:\/\/eltera.org\/wp-content\/uploads\/2019\/11\/IMG_2036-300x200.jpg\" alt=\"\" width=\"300\" height=\"200\" \/><\/p>\n<p>Sara ar fi vrut sa mearg\u0103 mai departe la scoal\u0103, dar \u00een clasa a 8-a a renun\u021bat pentru ca era singura fata din sat care lua microbuzul spre scoal\u0103. Toate colegele ei au renun\u021bat, a\u0219a c\u0103 a r\u0103mas \u0219i ea acas\u0103 s\u0103 aib\u0103 grij\u0103 de fra\u021bii ei mai mici. Acum ins\u0103, ne-a cunoscut pe noi \u0219i este determinata sa continue \u0219coala, chiar dac\u0103 o va face de una singura. \u00ce\u0219i dore\u0219te sa fie \u0219i ea ca noi, parte din echipa medicala.<\/p>\n<p><img loading=\"lazy\" decoding=\"async\" class=\"size-medium wp-image-226 aligncenter\" src=\"https:\/\/eltera.org\/wp-content\/uploads\/2019\/11\/IMG_9783-300x225.jpg\" alt=\"\" width=\"300\" height=\"225\" \/><\/p>\n<p>Din satul al\u0103turat au venit pe jos mame cu copiii \u00een brate. Unii dintre ei aveau febra.<\/p>\n<p><img loading=\"lazy\" decoding=\"async\" class=\"size-medium wp-image-227 aligncenter\" style=\"font-size: 1rem\" src=\"https:\/\/eltera.org\/wp-content\/uploads\/2019\/11\/IMG_2016-200x300.jpg\" alt=\"\" width=\"200\" height=\"300\" \/><\/p>\n<p>Aceasta campanie a fost ini\u021biat\u0103 cu scopul de a interveni \u0219i \u00eent\u00e2mpina problemele medicale ale copiilor, dar totodat\u0103 de a identifica situa\u021bia lor sociala. In momentul de fata lucram la organizarea unei echipe mai mari de medici. Iar speran\u021ba noastr\u0103 este ca anul acesta sa \u00eenfiin\u021b\u0103m centre educationale pentru a oferi sprijin acestor copii. Ne dorim ca \u00een luna septembrie, to\u021bi copiii din M\u0103ieru\u0219 \u0219i Arini s\u0103 urmeze o forma de \u00eenv\u0103\u021b\u0103m\u00e2nt.<\/p>\n<p><img loading=\"lazy\" decoding=\"async\" class=\"size-medium wp-image-228 aligncenter\" style=\"font-size: 1rem\" src=\"https:\/\/eltera.org\/wp-content\/uploads\/2019\/11\/IMG_2082-300x200.jpg\" alt=\"\" width=\"300\" height=\"200\" \/><\/p>\n<p>Cu recuno\u0219tin\u021b\u0103,<span class=\"Apple-converted-space\">\u00a0<\/span><\/p>\n<p><b>Caty Roos<\/b><\/p>\n","protected":false},"excerpt":{"rendered":"<p>In perioada rece am organizat o campanie medicala pentru doua sate din jude\u021bul Bra\u0219ov: M\u0103ieru\u0219 \u0219i Arini. Au fost consulta\u021bi 52 de copii cu v\u00e2rste cuprinse intre 8 luni \u0219i 15 ani. Medicii no\u0219tri i-au consultat pe copii \u0219i le-au oferit gratuit tratamentul corespunz\u0103tor. In aceasta perioada foarte multi copii sunt r\u0103ci\u021bi. Mul\u021bi dintre ei &hellip; <\/p>\n<p class=\"link-more\"><a href=\"https:\/\/eltera.org\/?p=220\" class=\"more-link\">Continue reading<span class=\"screen-reader-text\"> &#8220;ElteraMed \u2013 Raport Eltera #1\/2019&#8221;<\/span><\/a><\/p>\n","protected":false},"author":1,"featured_media":0,"comment_status":"closed","ping_status":"open","sticky":false,"template":"","format":"standard","meta":{"footnotes":""},"categories":[7],"tags":[10],"class_list":["post-220","post","type-post","status-publish","format-standard","hentry","category-romana","tag-1-2019"],"_links":{"self":[{"href":"https:\/\/eltera.org\/index.php?rest_route=\/wp\/v2\/posts\/220","targetHints":{"allow":["GET"]}}],"collection":[{"href":"https:\/\/eltera.org\/index.php?rest_route=\/wp\/v2\/posts"}],"about":[{"href":"https:\/\/eltera.org\/index.php?rest_route=\/wp\/v2\/types\/post"}],"author":[{"embeddable":true,"href":"https:\/\/eltera.org\/index.php?rest_route=\/wp\/v2\/users\/1"}],"replies":[{"embeddable":true,"href":"https:\/\/eltera.org\/index.php?rest_route=%2Fwp%2Fv2%2Fcomments&post=220"}],"version-history":[{"count":0,"href":"https:\/\/eltera.org\/index.php?rest_route=\/wp\/v2\/posts\/220\/revisions"}],"wp:attachment":[{"href":"https:\/\/eltera.org\/index.php?rest_route=%2Fwp%2Fv2%2Fmedia&parent=220"}],"wp:term":[{"taxonomy":"category","embeddable":true,"href":"https:\/\/eltera.org\/index.php?rest_route=%2Fwp%2Fv2%2Fcategories&post=220"},{"taxonomy":"post_tag","embeddable":true,"href":"https:\/\/eltera.org\/index.php?rest_route=%2Fwp%2Fv2%2Ftags&post=220"}],"curies":[{"name":"wp","href":"https:\/\/api.w.org\/{rel}","templated":true}]}}